{"id":3246,"date":"2018-09-02T19:42:56","date_gmt":"2018-09-02T17:42:56","guid":{"rendered":"http:\/\/cpn.congopeacenetwork.org\/?p=3246"},"modified":"2018-09-02T19:42:56","modified_gmt":"2018-09-02T17:42:56","slug":"congo-peace-network-a-forme-50-jeunes-defenseurs-droits-humains-venus-nord-sud-kivu","status":"publish","type":"post","link":"https:\/\/congopeacenetwork.org\/?p=3246","title":{"rendered":"Congo Peace Network a form\u00e9 50 jeunes D\u00e9fenseurs des Droits Humains venus du Nord et Sud-Kivu"},"content":{"rendered":"<p><a class=\"profileLink\" href=\"https:\/\/www.facebook.com\/CongoPeaceNetwork\/?fref=mentions&amp;__xts__%5B0%5D=68.ARA-pGiwfnd93qX567nxbX6B5jP178D2ZAQiV_4zdu2ZRUxzAWPZ6UxDY-WeElZyG3tk3hakBlS1AQ-1KIPnPE-DE1SwGjGt2EQUdeD4cV4T9CRw8f1PyOdducgvQsWJdKskVJz6OzmwD8bilTV9w5ucNWgvQ0V04zSJgobrQ7iUBohtU8dw&amp;__tn__=K-R\" data-hovercard=\"\/ajax\/hovercard\/page.php?id=109140139422748&amp;extragetparams=%7B%22fref%22%3A%22mentions%22%7D\" data-hovercard-prefer-more-content-show=\"1\">Congo Peace Network<\/a>\u00a0a form\u00e9 \u00e0 Goma du Jeudi 16 au vendredi 17 Ao\u00fbt 2018\u00a0 50 Jeunes D\u00e9fenseurs des Droits Humains.<br \/>\nLes 50 Jeunes qui participent \u00e0 cette session sont venus de Beni, Butembo, Lubero, Kanyabayonga, Bukavu et Goma. Ils \u00e9changent sur \u00ab Les Droits Humains et les m\u00e9canismes de protection:Approche pratique de la promotion et protection des DH\u00bb et\u00a0\u00abLa formation des formateurs\u00bb.<\/p>\n<div id=\"attachment_3249\" style=\"width: 970px\" class=\"wp-caption aligncenter\"><img fetchpriority=\"high\" decoding=\"async\" aria-describedby=\"caption-attachment-3249\" class=\"wp-image-3249 size-full\" src=\"http:\/\/cpn.congopeacenetwork.org\/wp-content\/uploads\/2018\/09\/37539330_689246764745413_7587217186180038656_n.jpg\" alt=\"\" width=\"960\" height=\"640\" srcset=\"https:\/\/congopeacenetwork.org\/wp-content\/uploads\/2018\/09\/37539330_689246764745413_7587217186180038656_n.jpg 960w, https:\/\/congopeacenetwork.org\/wp-content\/uploads\/2018\/09\/37539330_689246764745413_7587217186180038656_n-300x200.jpg 300w, https:\/\/congopeacenetwork.org\/wp-content\/uploads\/2018\/09\/37539330_689246764745413_7587217186180038656_n-768x512.jpg 768w\" sizes=\"(max-width: 960px) 100vw, 960px\" \/><p id=\"caption-attachment-3249\" class=\"wp-caption-text\">Placide Nzilamba<\/p><\/div>\n<p>La premi\u00e8re journ\u00e9e a \u00e9t\u00e9 facilit\u00e9e par le formateur\u00a0<a class=\"profileLink\" href=\"https:\/\/www.facebook.com\/profile.php?id=100006056956399&amp;fref=mentions&amp;__xts__%5B0%5D=68.ARA-pGiwfnd93qX567nxbX6B5jP178D2ZAQiV_4zdu2ZRUxzAWPZ6UxDY-WeElZyG3tk3hakBlS1AQ-1KIPnPE-DE1SwGjGt2EQUdeD4cV4T9CRw8f1PyOdducgvQsWJdKskVJz6OzmwD8bilTV9w5ucNWgvQ0V04zSJgobrQ7iUBohtU8dw&amp;__tn__=K-R\" data-hovercard=\"\/ajax\/hovercard\/user.php?id=100006056956399&amp;extragetparams=%7B%22fref%22%3A%22mentions%22%7D\" data-hovercard-prefer-more-content-show=\"1\">Placide Kambere Nzilamba<\/a>, activiste et D\u00e9fenseur des Droits Humains au sein de CIDHOP, la seconde journ\u00e9e \u00e9t\u00e9 facilit\u00e9 par Elfi Martial Kashori, charg\u00e9 de formation au sein de Congo Peace Network.<\/p>\n<p>Cette formation a \u00e9t\u00e9 soutenue financi\u00e8rement par OSISA.<\/p>\n","protected":false},"excerpt":{"rendered":"<p>Congo Peace Network\u00a0a form\u00e9 \u00e0 Goma du Jeudi 16 au vendredi 17 Ao\u00fbt 2018\u00a0 50 Jeunes D\u00e9fenseurs des Droits Humains. Les 50 Jeunes qui participent \u00e0 cette session sont venus [&hellip;]<\/p>\n","protected":false},"author":2,"featured_media":3248,"comment_status":"open","ping_status":"open","sticky":false,"template":"","format":"standard","meta":{"give_campaign_id":0,"footnotes":""},"categories":[2,3,6,9,10],"tags":[],"class_list":["post-3246","post","type-post","status-publish","format-standard","has-post-thumbnail","hentry","category-activites","category-actualites","category-clubs","category-droits-humains","category-education-electorale"],"_links":{"self":[{"href":"https:\/\/congopeacenetwork.org\/index.php?rest_route=\/wp\/v2\/posts\/3246","targetHints":{"allow":["GET"]}}],"collection":[{"href":"https:\/\/congopeacenetwork.org\/index.php?rest_route=\/wp\/v2\/posts"}],"about":[{"href":"https:\/\/congopeacenetwork.org\/index.php?rest_route=\/wp\/v2\/types\/post"}],"author":[{"embeddable":true,"href":"https:\/\/congopeacenetwork.org\/index.php?rest_route=\/wp\/v2\/users\/2"}],"replies":[{"embeddable":true,"href":"https:\/\/congopeacenetwork.org\/index.php?rest_route=%2Fwp%2Fv2%2Fcomments&post=3246"}],"version-history":[{"count":0,"href":"https:\/\/congopeacenetwork.org\/index.php?rest_route=\/wp\/v2\/posts\/3246\/revisions"}],"wp:featuredmedia":[{"embeddable":true,"href":"https:\/\/congopeacenetwork.org\/index.php?rest_route=\/wp\/v2\/media\/3248"}],"wp:attachment":[{"href":"https:\/\/congopeacenetwork.org\/index.php?rest_route=%2Fwp%2Fv2%2Fmedia&parent=3246"}],"wp:term":[{"taxonomy":"category","embeddable":true,"href":"https:\/\/congopeacenetwork.org\/index.php?rest_route=%2Fwp%2Fv2%2Fcategories&post=3246"},{"taxonomy":"post_tag","embeddable":true,"href":"https:\/\/congopeacenetwork.org\/index.php?rest_route=%2Fwp%2Fv2%2Ftags&post=3246"}],"curies":[{"name":"wp","href":"https:\/\/api.w.org\/{rel}","templated":true}]}}