{"id":4729,"date":"2021-08-18T11:19:37","date_gmt":"2021-08-18T09:19:37","guid":{"rendered":"https:\/\/cpn.congopeacenetwork.org\/?p=4729"},"modified":"2021-08-18T11:19:37","modified_gmt":"2021-08-18T09:19:37","slug":"etat-de-siege-au-nord-kivu-cpn-engage-les-autorites-et-la-communaute-dans-le-respect-des-droits-de-lhomme","status":"publish","type":"post","link":"https:\/\/congopeacenetwork.org\/?p=4729","title":{"rendered":"Etat de si\u00e8ge au Nord-Kivu: CPN engage les autorit\u00e9s et la communaut\u00e9 dans le respect des droits de l&#8217;homme"},"content":{"rendered":"\n<p><strong><em>Alors que la province du Nord-Kivu est toujours en \u00e9tat de si\u00e8ge, Congo Peace Network a organis\u00e9 un palabre communautaire \u00e0 Goma, chef-lieu de la province, dans l\u2019objectif de permettre aux autorit\u00e9s politico-administratives, militaires et polici\u00e8res ainsi que les autres membres de la communaut\u00e9 \u00e0 am\u00e9liorer leurs connaissances sur les instruments juridiques de protection des droits humains, politiques et \u00e9lectoraux pour l\u2019effectivit\u00e9 du droit \u00e0 l\u2019exercice et la jouissance des libert\u00e9s publiques en RDC, afin de les amener \u00e0 s\u2019engager dans la pr\u00e9vention des violations des droits humains en cette p\u00e9riode exceptionnelle d\u2019\u00e9tat de si\u00e8ge.<\/em><\/strong><\/p>\n\n\n\n<p>Les parties prenantes ont partag\u00e9 leurs exp\u00e9riences sur les principales violations de droits humains pendant l\u2019exercice et la jouissance des libert\u00e9s publiques par les citoyens dans leurs milieux respectifs en cette p\u00e9riode d\u2019\u00e9tat de si\u00e8ge et de covid-19 d\u2019une part et se sont engag\u00e9 \u00e0 adopter les nouvelles attitudes favorisant le respect des droits humains, les droits politiques et \u00e9lectoraux et \u00e0 devenir des d\u00e9fenseurs de fondamentaux de la d\u00e9mocratie, la gouvernance et de l\u2019Etat de droit dans leur entit\u00e9 d&#8217;autre part.<\/p>\n\n\n\n<figure class=\"wp-block-gallery columns-1 is-cropped wp-block-gallery-1 is-layout-flex wp-block-gallery-is-layout-flex\"><ul class=\"blocks-gallery-grid\"><li class=\"blocks-gallery-item\"><figure><img decoding=\"async\" src=\"https:\/\/cpn.congopeacenetwork.org\/wp-content\/uploads\/2021\/08\/IMG_0032-1024x683.jpg\" alt=\"\" data-id=\"4730\" data-full-url=\"https:\/\/cpn.congopeacenetwork.org\/wp-content\/uploads\/2021\/08\/IMG_0032-scaled.jpg\" data-link=\"https:\/\/cpn.congopeacenetwork.org\/?attachment_id=4730\" class=\"wp-image-4730\"\/><\/figure><\/li><\/ul><\/figure>\n\n\n\n<p>Par ailleurs, les participants ont \u00e9t\u00e9 inform\u00e9s sur les techniques du monitoring des violations des droits humains et de la communication non violente comme strat\u00e9gie de plaidoyer pour la r\u00e9duction des violations et de l\u2019implication des autorit\u00e9s locales dans les questions du respect des fondamentaux de la d\u00e9mocratie et de l\u2019Etat de droit en RDC.<\/p>\n\n\n\n<figure class=\"wp-block-gallery columns-1 is-cropped wp-block-gallery-2 is-layout-flex wp-block-gallery-is-layout-flex\"><ul class=\"blocks-gallery-grid\"><li class=\"blocks-gallery-item\"><figure><img decoding=\"async\" src=\"https:\/\/cpn.congopeacenetwork.org\/wp-content\/uploads\/2021\/08\/IMG_0092-1024x683.jpg\" alt=\"\" data-id=\"4735\" data-full-url=\"https:\/\/cpn.congopeacenetwork.org\/wp-content\/uploads\/2021\/08\/IMG_0092-scaled.jpg\" data-link=\"https:\/\/cpn.congopeacenetwork.org\/?attachment_id=4735\" class=\"wp-image-4735\"\/><\/figure><\/li><\/ul><\/figure>\n\n\n\n<figure class=\"wp-block-gallery columns-1 is-cropped wp-block-gallery-3 is-layout-flex wp-block-gallery-is-layout-flex\"><ul class=\"blocks-gallery-grid\"><li class=\"blocks-gallery-item\"><figure><img decoding=\"async\" src=\"https:\/\/cpn.congopeacenetwork.org\/wp-content\/uploads\/2021\/08\/IMG_0093-1024x683.jpg\" alt=\"\" data-id=\"4731\" data-full-url=\"https:\/\/cpn.congopeacenetwork.org\/wp-content\/uploads\/2021\/08\/IMG_0093-scaled.jpg\" data-link=\"https:\/\/cpn.congopeacenetwork.org\/?attachment_id=4731\" class=\"wp-image-4731\"\/><\/figure><\/li><\/ul><\/figure>\n\n\n\n<p>Cette activit\u00e9 s&#8217;inscrit dans le cadre de l\u2019ex\u00e9cution du projet\u00a0\u00ab\u00a0<strong>Engaging Youth to Promote Political and Human Rights \u00bb en fran\u00e7ais \u00ab\u00a0Engagement des jeunes pour la promotion des droits humains et politiques \u00bb <\/strong>appuy\u00e9 par the National Endowment for Democracy par lequel CPN veut contribuer \u00e0 la r\u00e9duction des violations des droits humains li\u00e9es \u00e0 l\u2019exercice des libert\u00e9s publiques dans les entit\u00e9s locales par la mobilisation de la communaut\u00e9 et son engagement dans la d\u00e9fense des valeurs d\u00e9mocratiques en RDC. <\/p>\n\n\n\n<figure class=\"wp-block-gallery columns-1 is-cropped wp-block-gallery-4 is-layout-flex wp-block-gallery-is-layout-flex\"><ul class=\"blocks-gallery-grid\"><li class=\"blocks-gallery-item\"><figure><img decoding=\"async\" src=\"https:\/\/cpn.congopeacenetwork.org\/wp-content\/uploads\/2021\/08\/IMG_0129-1024x585.jpg\" alt=\"\" data-id=\"4732\" data-full-url=\"https:\/\/cpn.congopeacenetwork.org\/wp-content\/uploads\/2021\/08\/IMG_0129-scaled.jpg\" data-link=\"https:\/\/cpn.congopeacenetwork.org\/?attachment_id=4732\" class=\"wp-image-4732\"\/><\/figure><\/li><\/ul><\/figure>\n\n\n\n<figure class=\"wp-block-image size-large\"><img decoding=\"async\" src=\"https:\/\/cpn.congopeacenetwork.org\/wp-content\/uploads\/2021\/08\/IMG_0062-1024x683.jpg\" alt=\"\" class=\"wp-image-4736\"\/><\/figure>\n","protected":false},"excerpt":{"rendered":"<p>Alors que la province du Nord-Kivu est toujours en \u00e9tat de si\u00e8ge, Congo Peace Network a organis\u00e9 un palabre communautaire \u00e0 Goma, chef-lieu de la province, dans l\u2019objectif de permettre [&hellip;]<\/p>\n","protected":false},"author":2,"featured_media":4733,"comment_status":"open","ping_status":"open","sticky":false,"template":"","format":"standard","meta":{"give_campaign_id":0,"footnotes":""},"categories":[2,3,7,9,11,18,19,1],"tags":[28,35,45],"class_list":["post-4729","post","type-post","status-publish","format-standard","has-post-thumbnail","hentry","category-activites","category-actualites","category-conference","category-droits-humains","category-formations","category-plaidoyer","category-tribune-dexpression-citoyenne","category-uncategorized","tag-constitution","tag-education","tag-libertes-publiques"],"_links":{"self":[{"href":"https:\/\/congopeacenetwork.org\/index.php?rest_route=\/wp\/v2\/posts\/4729","targetHints":{"allow":["GET"]}}],"collection":[{"href":"https:\/\/congopeacenetwork.org\/index.php?rest_route=\/wp\/v2\/posts"}],"about":[{"href":"https:\/\/congopeacenetwork.org\/index.php?rest_route=\/wp\/v2\/types\/post"}],"author":[{"embeddable":true,"href":"https:\/\/congopeacenetwork.org\/index.php?rest_route=\/wp\/v2\/users\/2"}],"replies":[{"embeddable":true,"href":"https:\/\/congopeacenetwork.org\/index.php?rest_route=%2Fwp%2Fv2%2Fcomments&post=4729"}],"version-history":[{"count":0,"href":"https:\/\/congopeacenetwork.org\/index.php?rest_route=\/wp\/v2\/posts\/4729\/revisions"}],"wp:featuredmedia":[{"embeddable":true,"href":"https:\/\/congopeacenetwork.org\/index.php?rest_route=\/"}],"wp:attachment":[{"href":"https:\/\/congopeacenetwork.org\/index.php?rest_route=%2Fwp%2Fv2%2Fmedia&parent=4729"}],"wp:term":[{"taxonomy":"category","embeddable":true,"href":"https:\/\/congopeacenetwork.org\/index.php?rest_route=%2Fwp%2Fv2%2Fcategories&post=4729"},{"taxonomy":"post_tag","embeddable":true,"href":"https:\/\/congopeacenetwork.org\/index.php?rest_route=%2Fwp%2Fv2%2Ftags&post=4729"}],"curies":[{"name":"wp","href":"https:\/\/api.w.org\/{rel}","templated":true}]}}