{"id":4762,"date":"2021-09-24T14:20:19","date_gmt":"2021-09-24T12:20:19","guid":{"rendered":"https:\/\/cpn.congopeacenetwork.org\/?p=4762"},"modified":"2021-09-24T14:20:19","modified_gmt":"2021-09-24T12:20:19","slug":"peaceday2021-limpact-de-letat-de-siege-dans-la-consolidation-de-la-paix-dans-lest-de-la-rdc-au-coeur-dune-journee-de-reflexion-au-sein-de-congo-peace-network","status":"publish","type":"post","link":"https:\/\/congopeacenetwork.org\/?p=4762","title":{"rendered":"#PeaceDay2021 : L\u2019impact de l\u2019\u00e9tat de si\u00e8ge dans la consolidation de la paix dans l\u2019Est de la RDC au c\u0153ur d\u2019une journ\u00e9e de r\u00e9flexion au sein de Congo Peace Network"},"content":{"rendered":"\n<p><strong><em>Instaur\u00e9 le 6 Mai 2021 au Nord-Kivu et en Ituri, l\u2019\u00e9tat de si\u00e8ge avait pour but de mettre rapidement fin \u00e0 l\u2019ins\u00e9curit\u00e9 et l\u2019activisme des groupes arm\u00e9s qui d\u00e9ciment les populations civiles. Cependant, plus de quatre mois apr\u00e8s, il n\u2019a pas donn\u00e9 des r\u00e9sultats attendus.<\/em><\/strong><\/p>\n\n\n\n<p>L\u2019Est de la R\u00e9publique D\u00e9mocratique du Congo (RDC) reste une zone en proie \u00e0 l\u2019ins\u00e9curit\u00e9 due \u00e0 l\u2019activisme des groupes arm\u00e9s depuis plusieurs d\u00e9cennies maintenant. Malgr\u00e9 les op\u00e9rations militaires contre les groupes arm\u00e9s et la proclamation de l\u2019\u00e9tat de si\u00e8ge, la situation reste particuli\u00e8rement pr\u00e9occupante dans les provinces du Nord-Kivu et de l&#8217;Ituri. C\u2019est ainsi qu\u2019\u00e0 l\u2019occasion de la Journ\u00e9e Internationale de la paix, Congo Peace Network a organis\u00e9 une journ\u00e9e de r\u00e9flexion sur l\u2019impact de l\u2019\u00e9tat de si\u00e8ge dans la consolidation de la paix dans l\u2019Est de la RDC en vue d\u2019amener les jeunes \u00e0 r\u00e9fl\u00e9chir sur les d\u00e9fis, les avanc\u00e9es et les perspectives pour un r\u00e9tablissement rapide de la paix dans la r\u00e9gion.<\/p>\n\n\n\n<p>En 2020, 122 groupes arm\u00e9s ont \u00e9t\u00e9 recens\u00e9s sur les quatre provinces de l\u2019Est de la RDC notamment Nord-Kivu, Sud-Kivu, Ituri et Tanganyika. Le territoire de Beni au Nord-Kivu constitue la r\u00e9gion la plus meurtri\u00e8re des provinces du Kivu \u00e0 cause de l\u2019activisme des ADF. Les attaques de ces rebelles ougandais autour de Beni sont devenues plus fr\u00e9quentes depuis le d\u00e9but de l\u2019ann\u00e9e 2020. Dans le grand Nord-Kivu, le parc national de Virunga est devenu le th\u00e9\u00e2tre de l\u2019activisme des divers groupes arm\u00e9s qui cohabitent parmi lesquels, les Forces D\u00e9mocratiques pour la Lib\u00e9ration du Rwanda (FDLR), les ex-rebelles du Mouvement du 23 Mars (M23) ainsi que les Ma\u00ef-Ma\u00ef dont les NYATURA-CMC. De son c\u00f4t\u00e9, la province de l\u2019Ituri connait plus de violence depuis 2017 \u00e0 cause de l\u2019activisme du groupe arm\u00e9 CODECO. A part le CODECO, il faut aussi noter les Forces Patriotiques et Int\u00e9grationnistes du Congo (FPIC) ainsi que les Forces de R\u00e9sistance Patriotique de l\u2019Ituri (FRPI) et autres groupes des Ma\u00ef\u2013Ma\u00ef \u00e0 connotation ethnique.<\/p>\n\n\n\n<p><\/p>\n\n\n\n<figure class=\"wp-block-image size-large\"><img decoding=\"async\" src=\"https:\/\/cpn.congopeacenetwork.org\/wp-content\/uploads\/2021\/09\/IMG_0755-1024x782.jpg\" alt=\"\" class=\"wp-image-4763\"\/><\/figure>\n\n\n\n<p>Les cons\u00e9quences de l\u2019activisme de ces groupes arm\u00e9s au Nord-Kivu et en Ituri sont \u00e9normes. En effet, rien que pour la p\u00e9riode situ\u00e9e entre l\u2019entr\u00e9e en vigueur de l\u2019\u00e9tat de si\u00e8ge le 06 Mai 2021 et le 10 septembre 2021, l\u2019organisation&nbsp;<a href=\"https:\/\/www.hrw.org\/fr\/news\/2021\/09\/15\/rd-congo-les-massacres-se-poursuivent-en-depit-de-letat-de-siege\">Human Rights Watch<\/a>&nbsp;rapporte qu\u2019au moins 739 civils ont \u00e9t\u00e9 tu\u00e9s. A ces tueries les plus r\u00e9centes dans ces deux provinces sous l\u2019\u00e9tat de si\u00e8ge, il faut noter que la province de l\u2019Ituri compte \u00e0 elle seule plus de 1,5 millions des personnes d\u00e9plac\u00e9es internes sur au moins 5,2 millions que compte actuellement le pays.<\/p>\n\n\n\n<p>Voici donc les r\u00e9flexions et propositions des jeunes pour la consolidation de la paix dans la r\u00e9gion&nbsp;:<\/p>\n\n\n\n<ol class=\"wp-block-list\" type=\"1\"><li>Le d\u00e9veloppement de la RDC d\u00e9pend en grande partie du retour de la paix et de la stabilit\u00e9 dans l\u2019est du pays, et que sur ce point, il reste encore beaucoup \u00e0 faire<\/li><li>L\u2019\u00e9tat de si\u00e8ge mis en place dans ces provinces doit rester limit\u00e9 dans le temps et respectueux des droits humains et du droit international humanitaire<\/li><li>Le gouvernement congolais doit s\u2019attaquer aux causes profondes de la violence, notamment en luttant contre l\u2019exploitation ill\u00e9gale des minerais et le trafic d\u2019armes.<\/li><li>Mise en \u0153uvre des engagements pris au titre du l\u2019Accord-cadre pour la paix, la s\u00e9curit\u00e9 et la coop\u00e9ration afin, notamment, de renforcer la s\u00e9curit\u00e9.<\/li><li>Mettre fin \u00e0 l\u2019impunit\u00e9 pour les violations des droits humains et les abus, et soutenir la stabilit\u00e9<\/li><li>Renforcer la coop\u00e9ration r\u00e9gionale pour enrayer l\u2019exploitation illicite des ressources mini\u00e8res ainsi que le trafic d\u2019armes l\u00e9g\u00e8res et de petit calibre.<\/li><li>Renforcer la pr\u00e9sence de l\u2019\u00c9tat dans les zones riches en min\u00e9raux et sa capacit\u00e9 \u00e0 g\u00e9rer l\u2019ensemble du continuum d\u2019extraction des ressources naturelles<\/li><li>S\u2019assurer que les recettes de l\u2019exploitation mini\u00e8re profitent au peuple congolais, au d\u00e9veloppement national et \u00e0 la consolidation de la paix<\/li><\/ol>\n\n\n\n<p>Par ailleurs, la mise en place du r\u00e9gime d\u2019\u00e9tat de si\u00e8ge dans les provinces du Nord-Kivu et de l\u2019Ituri a permis des avanc\u00e9es significatives dans le cadre de la lutte contre les groupes arm\u00e9s r\u00e9fractaires et la pacification de l\u2019est de la RDC. La proclamation de l\u2019\u00e9tat de si\u00e8ge et les r\u00e9sultats obtenus \u00e0 ce jour constituent une opportunit\u00e9 que nous devons capitaliser afin d\u2019\u00e9radiquer toutes ces forces n\u00e9gatives et d\u2019en finir une fois pour toutes avec le cercle vicieux de la violence impos\u00e9 par les groupes arm\u00e9s et leur mafia.<\/p>\n","protected":false},"excerpt":{"rendered":"<p>Instaur\u00e9 le 6 Mai 2021 au Nord-Kivu et en Ituri, l\u2019\u00e9tat de si\u00e8ge avait pour but de mettre rapidement fin \u00e0 l\u2019ins\u00e9curit\u00e9 et l\u2019activisme des groupes arm\u00e9s qui d\u00e9ciment les [&hellip;]<\/p>\n","protected":false},"author":2,"featured_media":4764,"comment_status":"open","ping_status":"open","sticky":false,"template":"","format":"standard","meta":{"give_campaign_id":0,"footnotes":""},"categories":[1],"tags":[],"class_list":["post-4762","post","type-post","status-publish","format-standard","has-post-thumbnail","hentry","category-uncategorized"],"_links":{"self":[{"href":"https:\/\/congopeacenetwork.org\/index.php?rest_route=\/wp\/v2\/posts\/4762","targetHints":{"allow":["GET"]}}],"collection":[{"href":"https:\/\/congopeacenetwork.org\/index.php?rest_route=\/wp\/v2\/posts"}],"about":[{"href":"https:\/\/congopeacenetwork.org\/index.php?rest_route=\/wp\/v2\/types\/post"}],"author":[{"embeddable":true,"href":"https:\/\/congopeacenetwork.org\/index.php?rest_route=\/wp\/v2\/users\/2"}],"replies":[{"embeddable":true,"href":"https:\/\/congopeacenetwork.org\/index.php?rest_route=%2Fwp%2Fv2%2Fcomments&post=4762"}],"version-history":[{"count":0,"href":"https:\/\/congopeacenetwork.org\/index.php?rest_route=\/wp\/v2\/posts\/4762\/revisions"}],"wp:featuredmedia":[{"embeddable":true,"href":"https:\/\/congopeacenetwork.org\/index.php?rest_route=\/"}],"wp:attachment":[{"href":"https:\/\/congopeacenetwork.org\/index.php?rest_route=%2Fwp%2Fv2%2Fmedia&parent=4762"}],"wp:term":[{"taxonomy":"category","embeddable":true,"href":"https:\/\/congopeacenetwork.org\/index.php?rest_route=%2Fwp%2Fv2%2Fcategories&post=4762"},{"taxonomy":"post_tag","embeddable":true,"href":"https:\/\/congopeacenetwork.org\/index.php?rest_route=%2Fwp%2Fv2%2Ftags&post=4762"}],"curies":[{"name":"wp","href":"https:\/\/api.w.org\/{rel}","templated":true}]}}