{"id":4861,"date":"2024-03-12T12:37:38","date_gmt":"2024-03-12T10:37:38","guid":{"rendered":"https:\/\/cpn.congopeacenetwork.org\/?p=4861"},"modified":"2025-08-27T16:55:31","modified_gmt":"2025-08-27T16:55:31","slug":"goma-conference-regionale-sur-la-paix","status":"publish","type":"post","link":"https:\/\/congopeacenetwork.org\/?p=4861","title":{"rendered":"Goma\u00a0: Conf\u00e9rence r\u00e9gionale sur la paix"},"content":{"rendered":"\n<p>Du vendredi 23 au samedi 24 f\u00e9vrier dernier, les activit\u00e9s se sont d\u00e9roul\u00e9es dans la salle Rumangabo de l\u2019h\u00f4tel SERENA \u00e0 Goma en pr\u00e9sence de quelques personnalit\u00e9s cl\u00e9s dans les processus paix encours en R\u00e9publique D\u00e9mocratique du Congo.<\/p>\n\n\n\n<p>A 9h00 de Goma, l\u2019heure pr\u00e9vue pour d\u00e9buter l\u2019activit\u00e9, les participants \u00e9taient d\u00e9j\u00e0 mis en place et tout le protocole pr\u00e9vu pour leur accueil. Place \u00e0 l\u2019hymne nationale dirig\u00e9e par l\u2019autorit\u00e9 urbaine repr\u00e9sent\u00e9e dans la salle.<\/p>\n\n\n\n<figure class=\"wp-block-image size-large is-resized\"><img decoding=\"async\" src=\"https:\/\/cpn.congopeacenetwork.org\/wp-content\/uploads\/2024\/03\/WisePhotos-12-1-1024x683.jpg\" alt=\"\" class=\"wp-image-4866\" style=\"width:837px;height:auto\"\/><figcaption class=\"wp-element-caption\">Cette \u00e9tape ayant \u00e9t\u00e9 franchie par les nationaux, accompagn\u00e9s par ceux venus de l\u2019ext\u00e9rieur, l\u2019heure a \u00e9t\u00e9 de pr\u00e9senter le projet dans lequel s\u2019inscrit l\u2019activit\u00e9, cela par le Pr\u00e9sident du Conseil d\u2019administration, Patrick Kikandi de Congo Peace Network. L\u2019objectif \u00e9tant de cr\u00e9er une association des victimes li\u00e9es aux conflits arm\u00e9s dans la r\u00e9gion des grands lacs, Me Patrick Kikandi a profit\u00e9 de l\u2019occasion pour appeler les participants \u00e0 accro\u00eetre leur concentration afin de chuter, le jour suivant, sur une note de plaidoyer vraiment consistante.<br><br>Ensuite s\u2019en est suivi un bref expos\u00e9 de Lucy Tamlyn, Ambassadrice des Etats Unis r\u00e9sidant \u00e0 Kinshasa. Pour cette derni\u00e8re, il \u00e9tait question d\u2019\u00e9clairer l\u2019opinion sur la participation des Etats Unis dans la restauration de la paix dans la r\u00e9gion des grands lacs en g\u00e9n\u00e9rale et \u00e0 l\u2019Est de la RDC en particulier.<\/figcaption><\/figure>\n\n\n\n<figure class=\"wp-block-image size-large\"><img decoding=\"async\" src=\"https:\/\/cpn.congopeacenetwork.org\/wp-content\/uploads\/2024\/03\/WisePhotos-42-819x1024.jpg\" alt=\"\" class=\"wp-image-4867\"\/><figcaption class=\"wp-element-caption\">Apr\u00e8s quelques minutes de monologue, cette derni\u00e8re a ouvert une br\u00e8che sur une s\u00e9ance de questions r\u00e9ponses fa\u00e7on pour elle d\u2019\u00e9changer directement avec son audience qui l\u2019\u00e9coutait attentivement.<br><br>Cela fait, l\u2019\u00e9tape suivante s\u2019est effectu\u00e9e dans un des nombreux sites de d\u00e9plac\u00e9s de guerre situ\u00e9 au nord de la ville de Goma. Les participants, aussi bien locaux qu\u2019\u00e9trangers, ont palp\u00e9 la situation pr\u00e9caire des personnes d\u00e9plac\u00e9es avant de revenir conclure avec le dernier panel pr\u00e9sent\u00e9 par Bintou Keita sur l\u2019impact de la Monusco dans le processus de paix encours en RDC.<\/figcaption><\/figure>\n\n\n\n<figure class=\"wp-block-image size-large\"><img decoding=\"async\" src=\"https:\/\/cpn.congopeacenetwork.org\/wp-content\/uploads\/2024\/03\/WisePhotos-202-1024x683.jpg\" alt=\"\" class=\"wp-image-4869\"\/><\/figure>\n\n\n\n<p>A l\u2019issu de ces \u00e9changes, \u00e0 la sortie de l\u2019intervenante, les participants ont pris le temps de passer en revue les points \u00e0 l\u2019ordre du jour afin de se fixer sur le sujet des \u00e9changes du jour suivant.<\/p>\n\n\n\n<p>Le samedi 24, d\u00e9j\u00e0 \u00e0 08h30\u2019 les participants \u00e9taient en train de se partager leurs impressions sur la premi\u00e8re journ\u00e9e de la conf\u00e9rence. L\u2019attention de plusieurs \u00e9tait visiblement retenue sur la visite au camps de personnes d\u00e9plac\u00e9es qui leur a valu un angle de vue tout diff\u00e9rent.<\/p>\n\n\n\n<p>Apr\u00e8s cette br\u00e8ve r\u00e9capitulation des participants, la parole a \u00e9t\u00e9 accord\u00e9e au premier pan\u00e9liste du jour, le professeur Alphonse Ntumba Luaba, Coordonnateur du m\u00e9canisme national de suivi. Ce dernier, apr\u00e8s avoir fait une revue panoramique de son exp\u00e9rience personnelle en sa qualit\u00e9 de diplomate. Il a concentr\u00e9 son intervention sur les r\u00e9solutions propos\u00e9es par l\u2019accord-cadre d\u2019Addis-Abeba qu\u2019il a d\u00e9cortiqu\u00e9 ligne apr\u00e8s une autre.<\/p>\n\n\n\n<p>Apr\u00e8s pr\u00e8s de 2 heures de son expos\u00e9, le Professeur a \u00e9galement ouvert les discussions pour avoir les commentaires et diff\u00e9rents avis des uns et des autres \u00e0 propos des r\u00e9solutions propos\u00e9es par l\u2019accord cadre d\u2019Addis-Abeba.<\/p>\n\n\n\n<figure class=\"wp-block-image size-large\"><img decoding=\"async\" src=\"https:\/\/cpn.congopeacenetwork.org\/wp-content\/uploads\/2024\/03\/CPN-Day02-22-1024x683.jpg\" alt=\"\" class=\"wp-image-4870\"\/><\/figure>\n\n\n\n<p>Orient\u00e9 par le Directeur G\u00e9n\u00e9ral de PALU, Donald DEYA, l\u2019apr\u00e8s-midi de ce jour a \u00e9t\u00e9 consacr\u00e9 au travail proprement-dit, les participants se sont partag\u00e9s des r\u00f4les \u00e0 jouer dans le monitoring des diff\u00e9rents instruments mis en place pour restaurer la paix dans la r\u00e9gion des grands lacs. Le partage des r\u00f4les est parti de l\u2019accord cadre d\u2019Addis-Abeba, l\u2019accord de Luanda, celui de Nairobi ainsi que le plan de d\u00e9sengagement de la Monusco.<\/p>\n\n\n\n<p>Dans ces discussions de fin d\u2019apr\u00e8s-midi, les participants se sont partag\u00e9s des strat\u00e9gies n\u00e9cessaires pour approfondir les recherches afin de ressortir des points utiles dans une prochaine note de plaidoyer \u00e0 adresser aux acteurs de la paix dans la r\u00e9gion sous \u00e9tude.<\/p>\n\n\n\n<p>L\u2019activit\u00e9 ayant \u00e9t\u00e9 conclue, les travaux de plaidoyer ont commenc\u00e9 par le monitoring effectu\u00e9 d\u00e8s ce jour par les participants ayant choisi tel au tel autre instrument d\u00e9battu lors des discussions avec les diff\u00e9rents panelistes des 2 jours de la conf\u00e9rence.<\/p>\n\n\n\n<p><\/p>\n","protected":false},"excerpt":{"rendered":"<p>Du vendredi 23 au samedi 24 f\u00e9vrier dernier, les activit\u00e9s se sont d\u00e9roul\u00e9es dans la salle Rumangabo de l\u2019h\u00f4tel SERENA \u00e0 Goma en pr\u00e9sence de quelques personnalit\u00e9s cl\u00e9s dans les [&hellip;]<\/p>\n","protected":false},"author":2,"featured_media":5160,"comment_status":"open","ping_status":"open","sticky":false,"template":"","format":"standard","meta":{"give_campaign_id":0,"footnotes":""},"categories":[1],"tags":[],"class_list":["post-4861","post","type-post","status-publish","format-standard","has-post-thumbnail","hentry","category-uncategorized"],"_links":{"self":[{"href":"https:\/\/congopeacenetwork.org\/index.php?rest_route=\/wp\/v2\/posts\/4861","targetHints":{"allow":["GET"]}}],"collection":[{"href":"https:\/\/congopeacenetwork.org\/index.php?rest_route=\/wp\/v2\/posts"}],"about":[{"href":"https:\/\/congopeacenetwork.org\/index.php?rest_route=\/wp\/v2\/types\/post"}],"author":[{"embeddable":true,"href":"https:\/\/congopeacenetwork.org\/index.php?rest_route=\/wp\/v2\/users\/2"}],"replies":[{"embeddable":true,"href":"https:\/\/congopeacenetwork.org\/index.php?rest_route=%2Fwp%2Fv2%2Fcomments&post=4861"}],"version-history":[{"count":1,"href":"https:\/\/congopeacenetwork.org\/index.php?rest_route=\/wp\/v2\/posts\/4861\/revisions"}],"predecessor-version":[{"id":5161,"href":"https:\/\/congopeacenetwork.org\/index.php?rest_route=\/wp\/v2\/posts\/4861\/revisions\/5161"}],"wp:featuredmedia":[{"embeddable":true,"href":"https:\/\/congopeacenetwork.org\/index.php?rest_route=\/wp\/v2\/media\/5160"}],"wp:attachment":[{"href":"https:\/\/congopeacenetwork.org\/index.php?rest_route=%2Fwp%2Fv2%2Fmedia&parent=4861"}],"wp:term":[{"taxonomy":"category","embeddable":true,"href":"https:\/\/congopeacenetwork.org\/index.php?rest_route=%2Fwp%2Fv2%2Fcategories&post=4861"},{"taxonomy":"post_tag","embeddable":true,"href":"https:\/\/congopeacenetwork.org\/index.php?rest_route=%2Fwp%2Fv2%2Ftags&post=4861"}],"curies":[{"name":"wp","href":"https:\/\/api.w.org\/{rel}","templated":true}]}}